{"id":30,"date":"2026-01-11T20:14:38","date_gmt":"2026-01-11T19:14:38","guid":{"rendered":"http:\/\/new2.ff-einbeck.de\/?p=30"},"modified":"2026-03-15T19:20:11","modified_gmt":"2026-03-15T18:20:11","slug":"weihnachtsfeier-der-ortsfeuerwehr","status":"publish","type":"post","link":"https:\/\/www.feuerwehr-einbeck.de\/?p=30","title":{"rendered":"Weihnachtsfeier der Ortsfeuerwehr"},"content":{"rendered":"<figure class=\"wp-block-post-featured-image\"><img loading=\"lazy\" decoding=\"async\" width=\"2560\" height=\"1707\" src=\"https:\/\/www.feuerwehr-einbeck.de\/wp-content\/uploads\/2026\/01\/IMG_0835-2-scaled.jpg\" class=\"attachment-post-thumbnail size-post-thumbnail wp-post-image\" alt=\"\" style=\"object-fit:cover;\" srcset=\"https:\/\/www.feuerwehr-einbeck.de\/wp-content\/uploads\/2026\/01\/IMG_0835-2-scaled.jpg 2560w, https:\/\/www.feuerwehr-einbeck.de\/wp-content\/uploads\/2026\/01\/IMG_0835-2-300x200.jpg 300w, https:\/\/www.feuerwehr-einbeck.de\/wp-content\/uploads\/2026\/01\/IMG_0835-2-1024x683.jpg 1024w, https:\/\/www.feuerwehr-einbeck.de\/wp-content\/uploads\/2026\/01\/IMG_0835-2-768x512.jpg 768w, https:\/\/www.feuerwehr-einbeck.de\/wp-content\/uploads\/2026\/01\/IMG_0835-2-1536x1024.jpg 1536w, https:\/\/www.feuerwehr-einbeck.de\/wp-content\/uploads\/2026\/01\/IMG_0835-2-2048x1365.jpg 2048w, https:\/\/www.feuerwehr-einbeck.de\/wp-content\/uploads\/2026\/01\/IMG_0835-2-1620x1080.jpg 1620w\" sizes=\"(max-width: 2560px) 100vw, 2560px\" \/><\/figure>\n\n\n<p>Am 05.12., passend zum Tag des Ehrenamtes, haben wir unsere Weihnachtsfeier der Ortsfeuerwehr Einbeck gefeiert. Nach kurzen Gru\u00dfworten und Dankesworten unseres Ortsbrandmeisters und seines Stellvertreters sowie von B\u00fcrgermeisterin Frau Dr. Sabine Michalek und Matthias Weger von der Werkfeuerwehr KWS stand schnell fest: An diesem Abend ging es vor allem um Gemeinschaft, Austausch und eine sch\u00f6ne vorweihnachtliche Atmosph\u00e4re.<\/p>\n\n\n\n<p>Bei guter Stimmung, netten Gespr\u00e4chen und weihnachtlichem Ambiente konnten wir gemeinsam das Jahr ausklingen lassen. Ein gro\u00dfes Dankesch\u00f6n geht an die Gruppe HLF, die in diesem Jahr die Bewirtung \u00fcbernommen hat. Ebenso bedanken wir uns bei unserer Kinderfeuerwehr, die mit viel Einsatz daf\u00fcr gesorgt hat, dass unsere Floriansstube festlich geschm\u00fcckt war.<\/p>\n\n\n\n<figure class=\"wp-block-gallery has-nested-images columns-default is-cropped wp-block-gallery-1 is-layout-flex wp-block-gallery-is-layout-flex\">\n<figure class=\"wp-block-image size-large\"><img loading=\"lazy\" decoding=\"async\" width=\"1024\" height=\"683\" data-id=\"180\" src=\"http:\/\/new2.ff-einbeck.de\/wp-content\/uploads\/2026\/01\/IMG_0842-1024x683.jpg\" alt=\"\" class=\"wp-image-180\" srcset=\"https:\/\/www.feuerwehr-einbeck.de\/wp-content\/uploads\/2026\/01\/IMG_0842-1024x683.jpg 1024w, https:\/\/www.feuerwehr-einbeck.de\/wp-content\/uploads\/2026\/01\/IMG_0842-300x200.jpg 300w, https:\/\/www.feuerwehr-einbeck.de\/wp-content\/uploads\/2026\/01\/IMG_0842-768x512.jpg 768w, https:\/\/www.feuerwehr-einbeck.de\/wp-content\/uploads\/2026\/01\/IMG_0842-1536x1024.jpg 1536w, https:\/\/www.feuerwehr-einbeck.de\/wp-content\/uploads\/2026\/01\/IMG_0842-2048x1365.jpg 2048w, https:\/\/www.feuerwehr-einbeck.de\/wp-content\/uploads\/2026\/01\/IMG_0842-1620x1080.jpg 1620w\" sizes=\"(max-width: 1024px) 100vw, 1024px\" \/><\/figure>\n\n\n\n<figure class=\"wp-block-image size-large\"><img loading=\"lazy\" decoding=\"async\" width=\"1024\" height=\"683\" data-id=\"178\" src=\"http:\/\/new2.ff-einbeck.de\/wp-content\/uploads\/2026\/01\/IMG_0836-1024x683.jpg\" alt=\"\" class=\"wp-image-178\" srcset=\"https:\/\/www.feuerwehr-einbeck.de\/wp-content\/uploads\/2026\/01\/IMG_0836-1024x683.jpg 1024w, https:\/\/www.feuerwehr-einbeck.de\/wp-content\/uploads\/2026\/01\/IMG_0836-300x200.jpg 300w, https:\/\/www.feuerwehr-einbeck.de\/wp-content\/uploads\/2026\/01\/IMG_0836-768x512.jpg 768w, https:\/\/www.feuerwehr-einbeck.de\/wp-content\/uploads\/2026\/01\/IMG_0836-1536x1024.jpg 1536w, https:\/\/www.feuerwehr-einbeck.de\/wp-content\/uploads\/2026\/01\/IMG_0836-2048x1365.jpg 2048w, https:\/\/www.feuerwehr-einbeck.de\/wp-content\/uploads\/2026\/01\/IMG_0836-1620x1080.jpg 1620w\" sizes=\"(max-width: 1024px) 100vw, 1024px\" \/><\/figure>\n\n\n\n<figure class=\"wp-block-image size-large\"><img loading=\"lazy\" decoding=\"async\" width=\"1024\" height=\"683\" data-id=\"179\" src=\"http:\/\/new2.ff-einbeck.de\/wp-content\/uploads\/2026\/01\/IMG_0835-2-1024x683.jpg\" alt=\"\" class=\"wp-image-179\" srcset=\"https:\/\/www.feuerwehr-einbeck.de\/wp-content\/uploads\/2026\/01\/IMG_0835-2-1024x683.jpg 1024w, https:\/\/www.feuerwehr-einbeck.de\/wp-content\/uploads\/2026\/01\/IMG_0835-2-300x200.jpg 300w, https:\/\/www.feuerwehr-einbeck.de\/wp-content\/uploads\/2026\/01\/IMG_0835-2-768x512.jpg 768w, https:\/\/www.feuerwehr-einbeck.de\/wp-content\/uploads\/2026\/01\/IMG_0835-2-1536x1024.jpg 1536w, https:\/\/www.feuerwehr-einbeck.de\/wp-content\/uploads\/2026\/01\/IMG_0835-2-2048x1365.jpg 2048w, https:\/\/www.feuerwehr-einbeck.de\/wp-content\/uploads\/2026\/01\/IMG_0835-2-1620x1080.jpg 1620w\" sizes=\"(max-width: 1024px) 100vw, 1024px\" \/><\/figure>\n\n\n\n<figure class=\"wp-block-image size-large\"><img loading=\"lazy\" decoding=\"async\" width=\"1024\" height=\"683\" data-id=\"181\" src=\"http:\/\/new2.ff-einbeck.de\/wp-content\/uploads\/2026\/01\/IMG_0829-1024x683.jpg\" alt=\"\" class=\"wp-image-181\" srcset=\"https:\/\/www.feuerwehr-einbeck.de\/wp-content\/uploads\/2026\/01\/IMG_0829-1024x683.jpg 1024w, https:\/\/www.feuerwehr-einbeck.de\/wp-content\/uploads\/2026\/01\/IMG_0829-300x200.jpg 300w, https:\/\/www.feuerwehr-einbeck.de\/wp-content\/uploads\/2026\/01\/IMG_0829-768x512.jpg 768w, https:\/\/www.feuerwehr-einbeck.de\/wp-content\/uploads\/2026\/01\/IMG_0829-1536x1024.jpg 1536w, https:\/\/www.feuerwehr-einbeck.de\/wp-content\/uploads\/2026\/01\/IMG_0829-2048x1365.jpg 2048w, https:\/\/www.feuerwehr-einbeck.de\/wp-content\/uploads\/2026\/01\/IMG_0829-1620x1080.jpg 1620w\" sizes=\"(max-width: 1024px) 100vw, 1024px\" \/><\/figure>\n<\/figure>\n\n\n\n<p>Bericht und Fotos: PR-Team <\/p>\n","protected":false},"excerpt":{"rendered":"<p>Am 05.12., passend zum Tag des Ehrenamtes, haben wir unsere Weihnachtsfeier der Ortsfeuerwehr Einbeck gefeiert. Nach kurzen Gru\u00dfworten und Dankesworten unseres Ortsbrandmeisters und seines Stellvertreters sowie von B\u00fcrgermeisterin Frau Dr. Sabine Michalek und Matthias Weger von der Werkfeuerwehr KWS stand schnell fest: An diesem Abend ging es vor allem um Gemeinschaft, Austausch und eine sch\u00f6ne [&hellip;]<\/p>\n","protected":false},"author":2,"featured_media":179,"comment_status":"closed","ping_status":"open","sticky":false,"template":"","format":"standard","meta":{"saved_in_kubio":true,"footnotes":""},"categories":[21],"tags":[],"class_list":["post-30","post","type-post","status-publish","format-standard","has-post-thumbnail","hentry","category-aktuelles"],"_links":{"self":[{"href":"https:\/\/www.feuerwehr-einbeck.de\/index.php?rest_route=\/wp\/v2\/posts\/30","targetHints":{"allow":["GET"]}}],"collection":[{"href":"https:\/\/www.feuerwehr-einbeck.de\/index.php?rest_route=\/wp\/v2\/posts"}],"about":[{"href":"https:\/\/www.feuerwehr-einbeck.de\/index.php?rest_route=\/wp\/v2\/types\/post"}],"author":[{"embeddable":true,"href":"https:\/\/www.feuerwehr-einbeck.de\/index.php?rest_route=\/wp\/v2\/users\/2"}],"replies":[{"embeddable":true,"href":"https:\/\/www.feuerwehr-einbeck.de\/index.php?rest_route=%2Fwp%2Fv2%2Fcomments&post=30"}],"version-history":[{"count":3,"href":"https:\/\/www.feuerwehr-einbeck.de\/index.php?rest_route=\/wp\/v2\/posts\/30\/revisions"}],"predecessor-version":[{"id":660,"href":"https:\/\/www.feuerwehr-einbeck.de\/index.php?rest_route=\/wp\/v2\/posts\/30\/revisions\/660"}],"wp:featuredmedia":[{"embeddable":true,"href":"https:\/\/www.feuerwehr-einbeck.de\/index.php?rest_route=\/wp\/v2\/media\/179"}],"wp:attachment":[{"href":"https:\/\/www.feuerwehr-einbeck.de\/index.php?rest_route=%2Fwp%2Fv2%2Fmedia&parent=30"}],"wp:term":[{"taxonomy":"category","embeddable":true,"href":"https:\/\/www.feuerwehr-einbeck.de\/index.php?rest_route=%2Fwp%2Fv2%2Fcategories&post=30"},{"taxonomy":"post_tag","embeddable":true,"href":"https:\/\/www.feuerwehr-einbeck.de\/index.php?rest_route=%2Fwp%2Fv2%2Ftags&post=30"}],"curies":[{"name":"wp","href":"https:\/\/api.w.org\/{rel}","templated":true}]}}