{"id":183,"date":"2026-01-27T19:34:30","date_gmt":"2026-01-27T18:34:30","guid":{"rendered":"http:\/\/new2.ff-einbeck.de\/?p=183"},"modified":"2026-03-15T19:19:59","modified_gmt":"2026-03-15T18:19:59","slug":"lichterfahrt-im-stadtgebiet-einbeck","status":"publish","type":"post","link":"https:\/\/www.feuerwehr-einbeck.de\/?p=183","title":{"rendered":"Lichterfahrt im Stadtgebiet Einbeck"},"content":{"rendered":"<figure class=\"wp-block-post-featured-image\"><img loading=\"lazy\" decoding=\"async\" width=\"1280\" height=\"960\" src=\"https:\/\/www.feuerwehr-einbeck.de\/wp-content\/uploads\/2026\/01\/2500115c-ebf1-43ca-bcb1-362db82bc555.jpg\" class=\"attachment-post-thumbnail size-post-thumbnail wp-post-image\" alt=\"\" style=\"object-fit:cover;\" srcset=\"https:\/\/www.feuerwehr-einbeck.de\/wp-content\/uploads\/2026\/01\/2500115c-ebf1-43ca-bcb1-362db82bc555.jpg 1280w, https:\/\/www.feuerwehr-einbeck.de\/wp-content\/uploads\/2026\/01\/2500115c-ebf1-43ca-bcb1-362db82bc555-300x225.jpg 300w, https:\/\/www.feuerwehr-einbeck.de\/wp-content\/uploads\/2026\/01\/2500115c-ebf1-43ca-bcb1-362db82bc555-1024x768.jpg 1024w, https:\/\/www.feuerwehr-einbeck.de\/wp-content\/uploads\/2026\/01\/2500115c-ebf1-43ca-bcb1-362db82bc555-768x576.jpg 768w\" sizes=\"(max-width: 1280px) 100vw, 1280px\" \/><\/figure>\n\n\n\n\n<p>Am Sonntag, den 21.12. haben einige Kameradinnen und Kameraden von uns an der diesj\u00e4hrigen Lichterfahrt im Stadtgebiet Einbeck teilgenommen.<\/p>\n\n\n\n<p>Unsere Fahrzeuge wurden mit Lichterketten geschm\u00fcckt und sorgten f\u00fcr leuchtende Augen bei Gro\u00df und Klein.<\/p>\n\n\n\n<p>Eine tolle Aktion in der Weihnachtszeit \u2013 wir waren gern dabei! <img loading=\"lazy\" decoding=\"async\" height=\"16\" width=\"16\" alt=\"\ud83c\udf84\" src=\"https:\/\/static.xx.fbcdn.net\/images\/emoji.php\/v9\/ta6\/2\/16\/1f384.png\"><img loading=\"lazy\" decoding=\"async\" height=\"16\" width=\"16\" alt=\"\u2728\" src=\"https:\/\/static.xx.fbcdn.net\/images\/emoji.php\/v9\/t75\/2\/16\/2728.png\"><\/p>\n\n\n\n<div class=\"wp-block-columns is-layout-flex wp-container-core-columns-is-layout-28f84493 wp-block-columns-is-layout-flex\">\n<div class=\"wp-block-column is-layout-flow wp-block-column-is-layout-flow\" style=\"flex-basis:100%\">\n<figure class=\"wp-block-gallery has-nested-images columns-default is-cropped wp-block-gallery-1 is-layout-flex wp-block-gallery-is-layout-flex\">\n<figure class=\"wp-block-image size-large\"><img loading=\"lazy\" decoding=\"async\" width=\"1024\" height=\"768\" data-id=\"186\" src=\"http:\/\/new2.ff-einbeck.de\/wp-content\/uploads\/2026\/01\/274feb1d-f7a0-42e5-97d3-b4fdee1869d9-1024x768.jpg\" alt=\"\" class=\"wp-image-186\" srcset=\"https:\/\/www.feuerwehr-einbeck.de\/wp-content\/uploads\/2026\/01\/274feb1d-f7a0-42e5-97d3-b4fdee1869d9-1024x768.jpg 1024w, https:\/\/www.feuerwehr-einbeck.de\/wp-content\/uploads\/2026\/01\/274feb1d-f7a0-42e5-97d3-b4fdee1869d9-300x225.jpg 300w, https:\/\/www.feuerwehr-einbeck.de\/wp-content\/uploads\/2026\/01\/274feb1d-f7a0-42e5-97d3-b4fdee1869d9-768x576.jpg 768w, https:\/\/www.feuerwehr-einbeck.de\/wp-content\/uploads\/2026\/01\/274feb1d-f7a0-42e5-97d3-b4fdee1869d9.jpg 1280w\" sizes=\"(max-width: 1024px) 100vw, 1024px\" \/><\/figure>\n\n\n\n<figure class=\"wp-block-image size-large\"><img loading=\"lazy\" decoding=\"async\" width=\"1024\" height=\"768\" data-id=\"187\" src=\"http:\/\/new2.ff-einbeck.de\/wp-content\/uploads\/2026\/01\/02ce94ab-3f25-49a3-9abe-38999317ad06-1024x768.jpg\" alt=\"\" class=\"wp-image-187\" srcset=\"https:\/\/www.feuerwehr-einbeck.de\/wp-content\/uploads\/2026\/01\/02ce94ab-3f25-49a3-9abe-38999317ad06-1024x768.jpg 1024w, https:\/\/www.feuerwehr-einbeck.de\/wp-content\/uploads\/2026\/01\/02ce94ab-3f25-49a3-9abe-38999317ad06-300x225.jpg 300w, https:\/\/www.feuerwehr-einbeck.de\/wp-content\/uploads\/2026\/01\/02ce94ab-3f25-49a3-9abe-38999317ad06-768x576.jpg 768w, https:\/\/www.feuerwehr-einbeck.de\/wp-content\/uploads\/2026\/01\/02ce94ab-3f25-49a3-9abe-38999317ad06.jpg 1280w\" sizes=\"(max-width: 1024px) 100vw, 1024px\" \/><\/figure>\n<\/figure>\n<\/div>\n<\/div>\n\n\n\n<p>Bericht und Fotos: N.B\u00f6ker\/ Feuerwehr Einbeck <\/p>\n\n\n\n<p><\/p>\n","protected":false},"excerpt":{"rendered":"<p>Am Sonntag, den 21.12. haben einige Kameradinnen und Kameraden von uns an der diesj\u00e4hrigen Lichterfahrt im Stadtgebiet Einbeck teilgenommen. Unsere Fahrzeuge wurden mit Lichterketten geschm\u00fcckt und sorgten f\u00fcr leuchtende Augen bei Gro\u00df und Klein. Eine tolle Aktion in der Weihnachtszeit \u2013 wir waren gern dabei! Bericht und Fotos: N.B\u00f6ker\/ Feuerwehr Einbeck<\/p>\n","protected":false},"author":2,"featured_media":188,"comment_status":"open","ping_status":"open","sticky":false,"template":"","format":"standard","meta":{"saved_in_kubio":false,"footnotes":""},"categories":[21],"tags":[],"class_list":["post-183","post","type-post","status-publish","format-standard","has-post-thumbnail","hentry","category-aktuelles"],"_links":{"self":[{"href":"https:\/\/www.feuerwehr-einbeck.de\/index.php?rest_route=\/wp\/v2\/posts\/183","targetHints":{"allow":["GET"]}}],"collection":[{"href":"https:\/\/www.feuerwehr-einbeck.de\/index.php?rest_route=\/wp\/v2\/posts"}],"about":[{"href":"https:\/\/www.feuerwehr-einbeck.de\/index.php?rest_route=\/wp\/v2\/types\/post"}],"author":[{"embeddable":true,"href":"https:\/\/www.feuerwehr-einbeck.de\/index.php?rest_route=\/wp\/v2\/users\/2"}],"replies":[{"embeddable":true,"href":"https:\/\/www.feuerwehr-einbeck.de\/index.php?rest_route=%2Fwp%2Fv2%2Fcomments&post=183"}],"version-history":[{"count":3,"href":"https:\/\/www.feuerwehr-einbeck.de\/index.php?rest_route=\/wp\/v2\/posts\/183\/revisions"}],"predecessor-version":[{"id":485,"href":"https:\/\/www.feuerwehr-einbeck.de\/index.php?rest_route=\/wp\/v2\/posts\/183\/revisions\/485"}],"wp:featuredmedia":[{"embeddable":true,"href":"https:\/\/www.feuerwehr-einbeck.de\/index.php?rest_route=\/wp\/v2\/media\/188"}],"wp:attachment":[{"href":"https:\/\/www.feuerwehr-einbeck.de\/index.php?rest_route=%2Fwp%2Fv2%2Fmedia&parent=183"}],"wp:term":[{"taxonomy":"category","embeddable":true,"href":"https:\/\/www.feuerwehr-einbeck.de\/index.php?rest_route=%2Fwp%2Fv2%2Fcategories&post=183"},{"taxonomy":"post_tag","embeddable":true,"href":"https:\/\/www.feuerwehr-einbeck.de\/index.php?rest_route=%2Fwp%2Fv2%2Ftags&post=183"}],"curies":[{"name":"wp","href":"https:\/\/api.w.org\/{rel}","templated":true}]}}